{"id":4851,"date":"2024-03-22T15:26:33","date_gmt":"2024-03-22T14:26:33","guid":{"rendered":"https:\/\/dbis.rwth-aachen.de\/dbis\/?p=4851"},"modified":"2024-04-03T15:54:04","modified_gmt":"2024-04-03T13:54:04","slug":"der-lehrstuhl-informatik-5-trauert-um-prof-dr-rer-pol-matthias-jarke","status":"publish","type":"post","link":"https:\/\/dbis.rwth-aachen.de\/dbis\/index.php\/2024\/der-lehrstuhl-informatik-5-trauert-um-prof-dr-rer-pol-matthias-jarke\/","title":{"rendered":"Nachruf auf Prof. Dr. rer.pol. Matthias Jarke"},"content":{"rendered":"\n<p>Die Fachgruppe Informatik der RWTH Aachen trauert um Herrn Prof. Dr. rer.pol. Matthias Jarke, der am 21.3.2024 im Alter von 71\u00a0 Jahren viel zu fr\u00fch von uns gegangen ist. Mit ihm verlieren wir eine herausragende Pers\u00f6nlichkeit, die die Entwicklung der Informatik an unserer Universit\u00e4t, in Deutschland und weltweit \u00fcber Jahrzehnte ma\u00dfgeblich gepr\u00e4gt und vorangetrieben hat.<\/p>\n","protected":false},"excerpt":{"rendered":"<p>Die Fachgruppe Informatik der RWTH Aachen trauert um Herrn Prof. Dr. rer.pol. Matthias Jarke, der am 21.3.2024 im Alter von 71\u00a0 Jahren viel zu fr\u00fch von uns gegangen ist. Mit ihm verlieren wir eine herausragende Pers\u00f6nlichkeit, die die Entwicklung der Informatik an unserer Universit\u00e4t, in Deutschland und weltweit \u00fcber Jahrzehnte ma\u00dfgeblich gepr\u00e4gt und vorangetrieben hat.<\/p>\n","protected":false},"author":8,"featured_media":4856,"comment_status":"closed","ping_status":"closed","sticky":false,"template":"","format":"standard","meta":{"_acf_changed":false,"footnotes":""},"categories":[6],"tags":[],"class_list":["post-4851","post","type-post","status-publish","format-standard","has-post-thumbnail","hentry","category-news"],"acf":[],"_links":{"self":[{"href":"https:\/\/dbis.rwth-aachen.de\/dbis\/index.php\/wp-json\/wp\/v2\/posts\/4851","targetHints":{"allow":["GET"]}}],"collection":[{"href":"https:\/\/dbis.rwth-aachen.de\/dbis\/index.php\/wp-json\/wp\/v2\/posts"}],"about":[{"href":"https:\/\/dbis.rwth-aachen.de\/dbis\/index.php\/wp-json\/wp\/v2\/types\/post"}],"author":[{"embeddable":true,"href":"https:\/\/dbis.rwth-aachen.de\/dbis\/index.php\/wp-json\/wp\/v2\/users\/8"}],"replies":[{"embeddable":true,"href":"https:\/\/dbis.rwth-aachen.de\/dbis\/index.php\/wp-json\/wp\/v2\/comments?post=4851"}],"version-history":[{"count":26,"href":"https:\/\/dbis.rwth-aachen.de\/dbis\/index.php\/wp-json\/wp\/v2\/posts\/4851\/revisions"}],"predecessor-version":[{"id":4903,"href":"https:\/\/dbis.rwth-aachen.de\/dbis\/index.php\/wp-json\/wp\/v2\/posts\/4851\/revisions\/4903"}],"wp:featuredmedia":[{"embeddable":true,"href":"https:\/\/dbis.rwth-aachen.de\/dbis\/index.php\/wp-json\/wp\/v2\/media\/4856"}],"wp:attachment":[{"href":"https:\/\/dbis.rwth-aachen.de\/dbis\/index.php\/wp-json\/wp\/v2\/media?parent=4851"}],"wp:term":[{"taxonomy":"category","embeddable":true,"href":"https:\/\/dbis.rwth-aachen.de\/dbis\/index.php\/wp-json\/wp\/v2\/categories?post=4851"},{"taxonomy":"post_tag","embeddable":true,"href":"https:\/\/dbis.rwth-aachen.de\/dbis\/index.php\/wp-json\/wp\/v2\/tags?post=4851"}],"curies":[{"name":"wp","href":"https:\/\/api.w.org\/{rel}","templated":true}]}}